[{"@context":"https:\/\/schema.org\/","@type":"Article","@id":"https:\/\/www.phgia.cz\/nejen-kamaradku-trapi-otazka-penzi\/#Article","mainEntityOfPage":"https:\/\/www.phgia.cz\/nejen-kamaradku-trapi-otazka-penzi\/","headline":"Nejen kamar\u00e1dku tr\u00e1p\u00ed ot\u00e1zka penz\u00ed","name":"Nejen kamar\u00e1dku tr\u00e1p\u00ed ot\u00e1zka penz\u00ed","description":"V\u010dera k V\u00e1m p\u0159ib\u011bhla cel\u00e1 hore\u010dn\u00e1 Va\u0161e nejlep\u0161\u00ed kamar\u00e1dka. Sledovala televizn\u00ed debatu politik\u016f nad t\u00e9matem d\u016fchodov\u00e9 politiky. Sd\u011blila jste kamar\u00e1dce, \u017ee s n\u00ed nad televizn\u00ed debatou diskutovat nem\u016f\u017eete, proto\u017ee jste sledovala jin\u00fd televizn\u00ed program. Sledovala jste \u017eivot velk\u00fdch ko\u010dek, kter\u00fd jste pova\u017eovala pro V\u00e1s za p\u0159\u00ednosn\u011bj\u0161\u00ed, ne\u017e dohadov\u00e1n\u00ed koali\u010dn\u00edch a opozi\u010dn\u00edch politik\u016f. Ov\u0161em, ujistila jste &hellip; ","datePublished":"2024-11-26","dateModified":"2024-11-26","author":{"@type":"Person","@id":"https:\/\/www.phgia.cz\/author\/#Person","name":"","url":"https:\/\/www.phgia.cz\/author\/","identifier":1,"image":{"@type":"ImageObject","@id":"https:\/\/secure.gravatar.com\/avatar\/4860d213c5bedfa07ff2b166ff7b069759f9dbf79eae813578c75f9f8cb939b7?s=96&d=mm&r=g","url":"https:\/\/secure.gravatar.com\/avatar\/4860d213c5bedfa07ff2b166ff7b069759f9dbf79eae813578c75f9f8cb939b7?s=96&d=mm&r=g","height":96,"width":96}},"publisher":{"@type":"Organization","name":"phgia.cz","logo":{"@type":"ImageObject","@id":"\/logo.png","url":"\/logo.png","width":600,"height":60}},"url":"https:\/\/www.phgia.cz\/nejen-kamaradku-trapi-otazka-penzi\/","wordCount":147,"articleBody":"V\u010dera k V\u00e1m p\u0159ib\u011bhla cel\u00e1 hore\u010dn\u00e1 Va\u0161e nejlep\u0161\u00ed kamar\u00e1dka. Sledovala televizn\u00ed debatu politik\u016f nad t\u00e9matem d\u016fchodov\u00e9 politiky. Sd\u011blila jste kamar\u00e1dce, \u017ee s n\u00ed nad televizn\u00ed debatou diskutovat nem\u016f\u017eete, proto\u017ee jste sledovala jin\u00fd televizn\u00ed program. Sledovala jste \u017eivot velk\u00fdch ko\u010dek, kter\u00fd jste pova\u017eovala pro V\u00e1s za p\u0159\u00ednosn\u011bj\u0161\u00ed, ne\u017e dohadov\u00e1n\u00ed koali\u010dn\u00edch a opozi\u010dn\u00edch politik\u016f. Ov\u0161em, ujistila jste kamar\u00e1dku, \u017ee probl\u00e9m bedliv\u011b sledujete. Doporu\u010dila jste j\u00ed nov\u00e9 webov\u00e9 str\u00e1nky, kde nalezne ofici\u00e1ln\u00ed informace.\tKde? V\u00a0penzijn\u00ed kalkula\u010dceV\u00e1\u0161 odchod do d\u016fchodu mus\u00edte dob\u0159e zv\u00e1\u017eit. Starobn\u00ed v\u011bk je velice nevyzpytateln\u00fd, je bu\u010f pln\u00fd finan\u010dn\u00edch probl\u00e9m\u016f a chorob, nebo naopak i \u0161t\u011bst\u00ed a radosti z\u00a0vnou\u010dat a pravnou\u010dat.                                                                                                                                                                                                                                                                                                                                                                                        3.5\/5 - (2 votes)        "},{"@context":"https:\/\/schema.org\/","@type":"BreadcrumbList","itemListElement":[{"@type":"ListItem","position":1,"name":"Nejen kamar\u00e1dku tr\u00e1p\u00ed ot\u00e1zka penz\u00ed","item":"https:\/\/www.phgia.cz\/nejen-kamaradku-trapi-otazka-penzi\/#breadcrumbitem"}]}]